 {"id":15769,"date":"2025-06-02T14:46:00","date_gmt":"2025-06-02T12:46:00","guid":{"rendered":"https:\/\/arctfoot.com\/?p=15769"},"modified":"2025-06-02T14:47:28","modified_gmt":"2025-06-02T12:47:28","slug":"assemblee-generale","status":"publish","type":"post","link":"https:\/\/arctfoot.com\/index.php\/2025\/06\/02\/assemblee-generale\/","title":{"rendered":"ASSEMBLEE GENERALE 2025"},"content":{"rendered":"\n<p>ASSEMBLEE GENERALE 2025<\/p>\n\n\n\n<p>Les membres de l\u2019association de l&#8217;ARCT Football sont convi\u00e9s \u00e0 l\u2019assembl\u00e9e g\u00e9n\u00e9rale ordinaire annuelle qui aura lieu le vendredi 27 Juin 2025  \u00e0 19h30 \u00e0 la salle des Arres de St Crespin S\/Moine.<br>Les membres seront appel\u00e9s \u00e0 voter sur l\u2019ordre du jour suivant :<\/p>\n\n\n\n<ul>\n<li>Rapport financier<\/li>\n\n\n\n<li>Approbation des comptes de l\u2019exercice <\/li>\n\n\n\n<li>Pr\u00e9sentation du budget de la saison 2025-2026<\/li>\n\n\n\n<li>Rapport moral<\/li>\n\n\n\n<li>Rapport sportif<\/li>\n\n\n\n<li>Election du nouveau Comit\u00e9 Directeur<\/li>\n\n\n\n<li>Questions diverses<\/li>\n<\/ul>\n\n\n\n<p>Les personnes souhaitant pr\u00e9senter leur candidature pour int\u00e9grer le comit\u00e9 directeur de l&#8217;association et celles qui souhaitent inclure des points compl\u00e9mentaires \u00e0 l\u2019ordre du jour sont pri\u00e9es de se faire conna\u00eetre aupr\u00e8s du secr\u00e9tariat de l\u2019association via l&#8217;adresse mail <a href=\"mailto:arctfoot49@gmail.com\">arctfoot49@gmail.com<\/a>.<\/p>\n\n\n\n<p>Nous tenons \u00e0 vous rappeler que la vie d\u2019un club associatif d\u00e9pend de l\u2019implication de ses b\u00e9n\u00e9voles et de chacun de ses membres et licenci\u00e9s. L&#8217;ARCT Football compte donc sur vous ! Merci de remercier les b\u00e9n\u00e9voles par votre pr\u00e9sence !<\/p>\n","protected":false},"excerpt":{"rendered":"<p>ASSEMBLEE GENERALE 2025 Les membres de l\u2019association de l&#8217;ARCT Football sont convi\u00e9s \u00e0 l\u2019assembl\u00e9e g\u00e9n\u00e9rale ordinaire annuelle qui aura lieu le vendredi 27 Juin 2025 \u00e0 19h30 \u00e0 la salle des Arres de St Crespin S\/Moine.Les membres seront appel\u00e9s \u00e0 voter sur l\u2019ordre du jour suivant : Les personnes souhaitant pr\u00e9senter leur candidature pour int\u00e9grer&hellip; <\/p>\n<p class=\"chuchadon-read-more\"><a href=\"https:\/\/arctfoot.com\/index.php\/2025\/06\/02\/assemblee-generale\/\" class=\"more-link\">Lire la suite de <span class=\"screen-reader-text\">ASSEMBLEE GENERALE 2025<\/span><\/a><\/p>\n","protected":false},"author":1,"featured_media":18235,"comment_status":"closed","ping_status":"open","sticky":false,"template":"","format":"standard","meta":{"_joinchat":[]},"categories":[6],"tags":[],"_links":{"self":[{"href":"https:\/\/arctfoot.com\/index.php\/wp-json\/wp\/v2\/posts\/15769"}],"collection":[{"href":"https:\/\/arctfoot.com\/index.php\/wp-json\/wp\/v2\/posts"}],"about":[{"href":"https:\/\/arctfoot.com\/index.php\/wp-json\/wp\/v2\/types\/post"}],"author":[{"embeddable":true,"href":"https:\/\/arctfoot.com\/index.php\/wp-json\/wp\/v2\/users\/1"}],"replies":[{"embeddable":true,"href":"https:\/\/arctfoot.com\/index.php\/wp-json\/wp\/v2\/comments?post=15769"}],"version-history":[{"count":10,"href":"https:\/\/arctfoot.com\/index.php\/wp-json\/wp\/v2\/posts\/15769\/revisions"}],"predecessor-version":[{"id":18259,"href":"https:\/\/arctfoot.com\/index.php\/wp-json\/wp\/v2\/posts\/15769\/revisions\/18259"}],"wp:featuredmedia":[{"embeddable":true,"href":"https:\/\/arctfoot.com\/index.php\/wp-json\/wp\/v2\/media\/18235"}],"wp:attachment":[{"href":"https:\/\/arctfoot.com\/index.php\/wp-json\/wp\/v2\/media?parent=15769"}],"wp:term":[{"taxonomy":"category","embeddable":true,"href":"https:\/\/arctfoot.com\/index.php\/wp-json\/wp\/v2\/categories?post=15769"},{"taxonomy":"post_tag","embeddable":true,"href":"https:\/\/arctfoot.com\/index.php\/wp-json\/wp\/v2\/tags?post=15769"}],"curies":[{"name":"wp","href":"https:\/\/api.w.org\/{rel}","templated":true}]}}