 {"id":15955,"date":"2021-08-03T17:02:37","date_gmt":"2021-08-03T15:02:37","guid":{"rendered":"https:\/\/arctfoot.com\/?p=15955"},"modified":"2021-08-03T17:02:40","modified_gmt":"2021-08-03T15:02:40","slug":"double-labellisation-pour-le-club","status":"publish","type":"post","link":"https:\/\/arctfoot.com\/index.php\/2021\/08\/03\/double-labellisation-pour-le-club\/","title":{"rendered":"Double labellisation pour le club!"},"content":{"rendered":"\n<p>Dans le cadre de la politique f\u00e9d\u00e9rale d\u2019accompagnement des clubs, la F\u00e9d\u00e9ration Fran\u00e7aise de Football d\u00e9cerne des labels aux clubs qui ont su se distinguer par leur travail de structuration et de d\u00e9veloppement, notamment aupr\u00e8s des jeunes licenci\u00e9(e)s.<\/p>\n\n\n\n<p>Notre club vient d\u2019obtenir le renouvellement de son Label Jeunes FFF Cr\u00e9dit Agricole Espoir pour la p\u00e9riode 2021-2024 et le Label Jeune F\u00e9minine OR pour le Groupement f\u00e9minin des \u00e9toiles bleues.<\/p>\n\n\n\n<p>Cette distinction r\u00e9compense le travail r\u00e9alis\u00e9 dans notre club aupr\u00e8s de nos jeunes licenci\u00e9(e)s. Un travail r\u00e9gulier reconnu depuis plus de 15 ans maintenant au club par la f\u00e9d\u00e9ration. Nous tenons \u00e0 adresser nos plus sinc\u00e8res remerciements \u00e0 toutes les personnes ayant particip\u00e9 \u00e0 ces valorisations. Clin d&#8217;oeil bien \u00e9videmment \u00e0 nos amis du Fief Gest\u00e9, associ\u00e9s avec nous dans ce joli projet des \u00e9toiles bleues. Le Groupement obtient ici le plus haut niveau de certificaiton existant.<\/p>\n\n\n\n<p><strong>A tous les dirigeants, coachs, joueuses, joueurs, parents, accompagnants. MERCI de donner autant d\u2019\u00e9nergie au quotidien. Vos efforts sont aujourd\u2019hui r\u00e9compens\u00e9s par la F\u00e9d\u00e9ration Fran\u00e7aise de Football.<\/strong><\/p>\n","protected":false},"excerpt":{"rendered":"<p>Dans le cadre de la politique f\u00e9d\u00e9rale d\u2019accompagnement des clubs, la F\u00e9d\u00e9ration Fran\u00e7aise de Football d\u00e9cerne des labels aux clubs qui ont su se distinguer par leur travail de structuration et de d\u00e9veloppement, notamment aupr\u00e8s des jeunes licenci\u00e9(e)s. Notre club vient d\u2019obtenir le renouvellement de son Label Jeunes FFF Cr\u00e9dit Agricole Espoir pour la p\u00e9riode&hellip; <\/p>\n<p class=\"chuchadon-read-more\"><a href=\"https:\/\/arctfoot.com\/index.php\/2021\/08\/03\/double-labellisation-pour-le-club\/\" class=\"more-link\">Lire la suite de <span class=\"screen-reader-text\">Double labellisation pour le club!<\/span><\/a><\/p>\n","protected":false},"author":1,"featured_media":15956,"comment_status":"closed","ping_status":"open","sticky":false,"template":"","format":"standard","meta":{"_joinchat":[]},"categories":[1],"tags":[],"_links":{"self":[{"href":"https:\/\/arctfoot.com\/index.php\/wp-json\/wp\/v2\/posts\/15955"}],"collection":[{"href":"https:\/\/arctfoot.com\/index.php\/wp-json\/wp\/v2\/posts"}],"about":[{"href":"https:\/\/arctfoot.com\/index.php\/wp-json\/wp\/v2\/types\/post"}],"author":[{"embeddable":true,"href":"https:\/\/arctfoot.com\/index.php\/wp-json\/wp\/v2\/users\/1"}],"replies":[{"embeddable":true,"href":"https:\/\/arctfoot.com\/index.php\/wp-json\/wp\/v2\/comments?post=15955"}],"version-history":[{"count":1,"href":"https:\/\/arctfoot.com\/index.php\/wp-json\/wp\/v2\/posts\/15955\/revisions"}],"predecessor-version":[{"id":15957,"href":"https:\/\/arctfoot.com\/index.php\/wp-json\/wp\/v2\/posts\/15955\/revisions\/15957"}],"wp:featuredmedia":[{"embeddable":true,"href":"https:\/\/arctfoot.com\/index.php\/wp-json\/wp\/v2\/media\/15956"}],"wp:attachment":[{"href":"https:\/\/arctfoot.com\/index.php\/wp-json\/wp\/v2\/media?parent=15955"}],"wp:term":[{"taxonomy":"category","embeddable":true,"href":"https:\/\/arctfoot.com\/index.php\/wp-json\/wp\/v2\/categories?post=15955"},{"taxonomy":"post_tag","embeddable":true,"href":"https:\/\/arctfoot.com\/index.php\/wp-json\/wp\/v2\/tags?post=15955"}],"curies":[{"name":"wp","href":"https:\/\/api.w.org\/{rel}","templated":true}]}}