 {"id":16140,"date":"2021-09-28T09:44:47","date_gmt":"2021-09-28T07:44:47","guid":{"rendered":"https:\/\/arctfoot.com\/?page_id=16140"},"modified":"2021-09-28T10:18:32","modified_gmt":"2021-09-28T08:18:32","slug":"partenaires-ageneau-group-et-transports-pasquier-avec-nos-benevoles","status":"publish","type":"post","link":"https:\/\/arctfoot.com\/index.php\/2021\/09\/28\/partenaires-ageneau-group-et-transports-pasquier-avec-nos-benevoles\/","title":{"rendered":"[PARTENAIRES] TRANSPORTS PASQUIER -AGENEAU GROUP AVEC NOS BENEVOLES"},"content":{"rendered":"\n<p>Le club est heureux de vous annoncer sa collaboration avec les transports Pasquier d&#8217;Ageneau Group. Cette entreprise tilli\u00e8roise a souhait\u00e9 s&#8217;associer aux valeurs du b\u00e9n\u00e9volat du club en offrant cette ann\u00e9e un polo \u00e0 tous les licenci\u00e9(e)s dirigeant(e)s et volontaires du club.<\/p>\n\n\n\n<figure class=\"wp-block-image size-large\"><img decoding=\"async\" loading=\"lazy\" width=\"1024\" height=\"1024\" src=\"https:\/\/arctfoot.com\/wp-content\/uploads\/2021\/09\/Copie-de-Publication-Instagram-Fete-nationale-bleu-blancrouge-2-1024x1024.png\" alt=\"\" class=\"wp-image-16141\" srcset=\"https:\/\/arctfoot.com\/wp-content\/uploads\/2021\/09\/Copie-de-Publication-Instagram-Fete-nationale-bleu-blancrouge-2-1024x1024.png 1024w, https:\/\/arctfoot.com\/wp-content\/uploads\/2021\/09\/Copie-de-Publication-Instagram-Fete-nationale-bleu-blancrouge-2-300x300.png 300w, https:\/\/arctfoot.com\/wp-content\/uploads\/2021\/09\/Copie-de-Publication-Instagram-Fete-nationale-bleu-blancrouge-2-150x150.png 150w, https:\/\/arctfoot.com\/wp-content\/uploads\/2021\/09\/Copie-de-Publication-Instagram-Fete-nationale-bleu-blancrouge-2-768x768.png 768w, https:\/\/arctfoot.com\/wp-content\/uploads\/2021\/09\/Copie-de-Publication-Instagram-Fete-nationale-bleu-blancrouge-2-600x600.png 600w, https:\/\/arctfoot.com\/wp-content\/uploads\/2021\/09\/Copie-de-Publication-Instagram-Fete-nationale-bleu-blancrouge-2-100x100.png 100w, https:\/\/arctfoot.com\/wp-content\/uploads\/2021\/09\/Copie-de-Publication-Instagram-Fete-nationale-bleu-blancrouge-2.png 1080w\" sizes=\"(max-width: 1024px) 100vw, 1024px\" \/><\/figure>\n\n\n\n<p>L&#8217;occasion de remercier et de remettre en avant une nouvelle fois nos b\u00e9n\u00e9voles sans qui le club ne pourrait fonctionner et de rappeler qu&#8217;il reste toujours une place pour les personnes qui souhaitent partager leurs comp\u00e9tences sportives ou extra sportives (<a href=\"https:\/\/arctfoot.com\/index.php\/2021\/05\/04\/so-benevole\/\" data-type=\"URL\" data-id=\"https:\/\/arctfoot.com\/index.php\/2021\/05\/04\/so-benevole\/\">n&#8217;h\u00e9sitez pas faire un tour sur la page So B\u00e9n\u00e9voles du club<\/a>, liste non exhaustive!).<\/p>\n\n\n\n<p>SO BENEVOLES!<\/p>\n\n\n\n<figure class=\"wp-block-embed is-type-wp-embed is-provider-www-arctfoot-com wp-block-embed-www-arctfoot-com\"><div class=\"wp-block-embed__wrapper\">\n<blockquote class=\"wp-embedded-content\" data-secret=\"vYXVnukfyM\"><a href=\"https:\/\/arctfoot.com\/index.php\/2021\/05\/04\/so-benevole\/\">\u00ab So B\u00e9n\u00e9vole \u00bb<\/a><\/blockquote><iframe class=\"wp-embedded-content\" sandbox=\"allow-scripts\" security=\"restricted\" style=\"position: absolute; clip: rect(1px, 1px, 1px, 1px);\" title=\"\u00ab\u00a0\u00ab So B\u00e9n\u00e9vole \u00bb\u00a0\u00bb &#8212; www.arctfoot.com\" src=\"https:\/\/arctfoot.com\/index.php\/2021\/05\/04\/so-benevole\/embed\/#?secret=vYXVnukfyM\" data-secret=\"vYXVnukfyM\" width=\"600\" height=\"338\" frameborder=\"0\" marginwidth=\"0\" marginheight=\"0\" scrolling=\"no\"><\/iframe>\n<\/div><\/figure>\n","protected":false},"excerpt":{"rendered":"<p>Le club est heureux de vous annoncer sa collaboration avec les transports Pasquier d&#8217;Ageneau Group. Cette entreprise tilli\u00e8roise a souhait\u00e9 s&#8217;associer aux valeurs du b\u00e9n\u00e9volat du club en offrant cette ann\u00e9e un polo \u00e0 tous les licenci\u00e9(e)s dirigeant(e)s et volontaires du club. L&#8217;occasion de remercier et de remettre en avant une nouvelle fois nos b\u00e9n\u00e9voles&hellip; <\/p>\n<p class=\"chuchadon-read-more\"><a href=\"https:\/\/arctfoot.com\/index.php\/2021\/09\/28\/partenaires-ageneau-group-et-transports-pasquier-avec-nos-benevoles\/\" class=\"more-link\">Lire la suite de <span class=\"screen-reader-text\">[PARTENAIRES] TRANSPORTS PASQUIER -AGENEAU GROUP AVEC NOS BENEVOLES<\/span><\/a><\/p>\n","protected":false},"author":1,"featured_media":16142,"comment_status":"closed","ping_status":"closed","sticky":false,"template":"","format":"standard","meta":{"_joinchat":[]},"categories":[],"tags":[],"_links":{"self":[{"href":"https:\/\/arctfoot.com\/index.php\/wp-json\/wp\/v2\/posts\/16140"}],"collection":[{"href":"https:\/\/arctfoot.com\/index.php\/wp-json\/wp\/v2\/posts"}],"about":[{"href":"https:\/\/arctfoot.com\/index.php\/wp-json\/wp\/v2\/types\/post"}],"author":[{"embeddable":true,"href":"https:\/\/arctfoot.com\/index.php\/wp-json\/wp\/v2\/users\/1"}],"replies":[{"embeddable":true,"href":"https:\/\/arctfoot.com\/index.php\/wp-json\/wp\/v2\/comments?post=16140"}],"version-history":[{"count":3,"href":"https:\/\/arctfoot.com\/index.php\/wp-json\/wp\/v2\/posts\/16140\/revisions"}],"predecessor-version":[{"id":16146,"href":"https:\/\/arctfoot.com\/index.php\/wp-json\/wp\/v2\/posts\/16140\/revisions\/16146"}],"wp:featuredmedia":[{"embeddable":true,"href":"https:\/\/arctfoot.com\/index.php\/wp-json\/wp\/v2\/media\/16142"}],"wp:attachment":[{"href":"https:\/\/arctfoot.com\/index.php\/wp-json\/wp\/v2\/media?parent=16140"}],"wp:term":[{"taxonomy":"category","embeddable":true,"href":"https:\/\/arctfoot.com\/index.php\/wp-json\/wp\/v2\/categories?post=16140"},{"taxonomy":"post_tag","embeddable":true,"href":"https:\/\/arctfoot.com\/index.php\/wp-json\/wp\/v2\/tags?post=16140"}],"curies":[{"name":"wp","href":"https:\/\/api.w.org\/{rel}","templated":true}]}}