 {"id":748,"date":"2025-06-02T12:01:21","date_gmt":"2025-06-02T10:01:21","guid":{"rendered":"http:\/\/arctfoot.com\/?p=748"},"modified":"2025-09-26T10:37:34","modified_gmt":"2025-09-26T08:37:34","slug":"licences-saison-2025-2026","status":"publish","type":"post","link":"https:\/\/arctfoot.com\/index.php\/2025\/06\/02\/licences-saison-2025-2026\/","title":{"rendered":"ADHESIONS\/LICENCES SAISON 2025\/2026"},"content":{"rendered":"\n<p class=\"has-black-color has-text-color\"><strong><mark style=\"background-color:rgba(0, 0, 0, 0)\" class=\"has-inline-color has-black-color\">Joueur(se)s, Parents, voici la marche \u00e0 suivre concernant les Adh\u00e9sions\/Licences 2025-202<\/mark>6<\/strong>. Tarifs en vigueur jusqu&#8217;au <strong>DIMANCHE 6 Juillet 2025 (Majorations de 30\u20ac pour chaque renouvellements annuels pass\u00e9s la date)<\/strong><\/p>\n\n\n\n<p><mark style=\"background-color:rgba(0, 0, 0, 0)\" class=\"has-inline-color has-black-color\">Contact Secr\u00e9tariat licence: <a rel=\"noreferrer noopener\" href=\"mailto:arctfoot49@gmail.com\" target=\"_blank\">arctfoot49@gmail.com<\/a><\/mark> \/ Marie au 06 88 64 10 93<\/p>\n\n\n\n<p class=\"has-black-color has-text-color\" id=\"gmail-E388\"><strong>Le prix de l&#8217;adh\u00e9sion&nbsp;comprend:<\/strong><\/p>\n\n\n\n<p id=\"gmail-E393\">-la&nbsp;cotisation \u00e0 la F\u00e9d\u00e9ration Fran\u00e7aise de Football (licence),<\/p>\n\n\n\n<p id=\"gmail-E409\">-la&nbsp;mise \u00e0 disposition des \u00e9quipements du club, l\u2019assurance sportive collective,<\/p>\n\n\n\n<p id=\"gmail-E414\">-les&nbsp;\u00e9quipements individuels pour les matchs,&nbsp;les&nbsp;pharmacies<\/p>\n\n\n\n<p>-1 Paire de chaussettes du club et un surv\u00eatement \u00e0 tarifs pr\u00e9f\u00e9rentiels<\/p>\n\n\n\n<p id=\"gmail-E414\">-les&nbsp;frais de fonctionnement du club&nbsp;et&nbsp;le mat\u00e9riel&nbsp;(ballons, filets de but, mat\u00e9riel, maillot, short, chaussettes &#8230;)<\/p>\n\n\n\n<p id=\"gmail-E423\">-les&nbsp;frais d&#8217;engagement des \u00e9quipes en comp\u00e9tition, les arbitres,<\/p>\n\n\n\n<p id=\"gmail-E423\">-d\u00e9fraiement des \u00e9ducateurs du club&nbsp;tous&nbsp;form\u00e9s ou en cours de formation<\/p>\n\n\n\n<p id=\"gmail-E428\">-les&nbsp;formations&nbsp;des aides-\u00e9ducateurs&nbsp;B\u00c9N\u00c9VOLES&nbsp;tous&nbsp;form\u00e9s ou en cours de formation,<\/p>\n\n\n\n<p id=\"gmail-E438\">-l\u2019encadrement des licenci\u00e9s par deux salari\u00e9s dipl\u00f4m\u00e9s<\/p>\n\n\n\n<div class=\"is-layout-flex wp-block-buttons\">\n<div class=\"wp-block-button\"><a class=\"wp-block-button__link has-white-color has-text-color has-background wp-element-button\" style=\"background-color:#193d90\"><strong>ETAPE <\/strong>1<\/a><\/div>\n<\/div>\n\n\n\n<p><mark style=\"background-color:rgba(0, 0, 0, 0)\" class=\"has-inline-color has-black-color\"><strong>R\u00e9gler sa cotisation sur le site du club par CB en suivant les diff\u00e9rentes instructions. <\/strong>R\u00e8glement esp\u00e8ces\/ch\u00e8ques\/ch\u00e8ques ANCV (sport) en 1-2-3 fois possible uniquement le vendredi 27 Juin de 18h30 \u00e0 19h30 \u00e0 la salle des Arres de ST CRESPIN EN PREAMBULE DE L&#8217;AG DU CLUB.<\/mark><\/p>\n\n\n\n<p><em><mark style=\"background-color:rgba(0, 0, 0, 0)\" class=\"has-inline-color has-black-color\">Info compl\u00e9mentaire, si vous souhaitez enlever les frais de hello asso (entreprise solidaire d&#8217;utilit\u00e9 sociale), c&#8217;est possible en cliquant sur la somme, vous pouvez r\u00e9duire \u00e0 0\u20ac votre participation au soutien de hello asso<\/mark><\/em>.<\/p>\n\n\n\n<figure class=\"wp-block-image size-large is-resized\"><a href=\"https:\/\/www.helloasso.com\/associations\/arc-tillieres-football\/adhesions\/adhesions-arct-25-26\" target=\"_blank\" rel=\"noreferrer noopener\"><img decoding=\"async\" loading=\"lazy\" src=\"https:\/\/arctfoot.com\/wp-content\/uploads\/2025\/05\/BANNIERE-HELLO-ASSO-8-1024x133.png\" alt=\"\" class=\"wp-image-18240\" width=\"840\" height=\"109\" srcset=\"https:\/\/arctfoot.com\/wp-content\/uploads\/2025\/05\/BANNIERE-HELLO-ASSO-8-1024x133.png 1024w, https:\/\/arctfoot.com\/wp-content\/uploads\/2025\/05\/BANNIERE-HELLO-ASSO-8-300x39.png 300w, https:\/\/arctfoot.com\/wp-content\/uploads\/2025\/05\/BANNIERE-HELLO-ASSO-8-768x100.png 768w, https:\/\/arctfoot.com\/wp-content\/uploads\/2025\/05\/BANNIERE-HELLO-ASSO-8-1536x200.png 1536w, https:\/\/arctfoot.com\/wp-content\/uploads\/2025\/05\/BANNIERE-HELLO-ASSO-8-650x85.png 650w, https:\/\/arctfoot.com\/wp-content\/uploads\/2025\/05\/BANNIERE-HELLO-ASSO-8-310x40.png 310w, https:\/\/arctfoot.com\/wp-content\/uploads\/2025\/05\/BANNIERE-HELLO-ASSO-8-150x20.png 150w, https:\/\/arctfoot.com\/wp-content\/uploads\/2025\/05\/BANNIERE-HELLO-ASSO-8.png 1920w\" sizes=\"(max-width: 840px) 100vw, 840px\" \/><\/a><figcaption class=\"wp-element-caption\"><a href=\"https:\/\/www.helloasso.com\/associations\/arc-tillieres-football\/adhesions\/adhesions-arct-25-26\" target=\"_blank\" rel=\"noreferrer noopener\">CLIQUEZ POUR JOUEUR(S) ARCT<\/a><\/figcaption><\/figure>\n\n\n\n<figure class=\"wp-block-image size-large\"><a href=\"https:\/\/gf-gestetillieres.footeo.com\/actualite\/2025\/06\/01\/licences-feminines-2025-2026.html\"><img decoding=\"async\" loading=\"lazy\" width=\"1024\" height=\"133\" src=\"https:\/\/arctfoot.com\/wp-content\/uploads\/2025\/05\/BANNIERE-HELLO-ASSO-9-1024x133.png\" alt=\"\" class=\"wp-image-18241\" srcset=\"https:\/\/arctfoot.com\/wp-content\/uploads\/2025\/05\/BANNIERE-HELLO-ASSO-9-1024x133.png 1024w, https:\/\/arctfoot.com\/wp-content\/uploads\/2025\/05\/BANNIERE-HELLO-ASSO-9-300x39.png 300w, https:\/\/arctfoot.com\/wp-content\/uploads\/2025\/05\/BANNIERE-HELLO-ASSO-9-768x100.png 768w, https:\/\/arctfoot.com\/wp-content\/uploads\/2025\/05\/BANNIERE-HELLO-ASSO-9-1536x200.png 1536w, https:\/\/arctfoot.com\/wp-content\/uploads\/2025\/05\/BANNIERE-HELLO-ASSO-9-650x85.png 650w, https:\/\/arctfoot.com\/wp-content\/uploads\/2025\/05\/BANNIERE-HELLO-ASSO-9-310x40.png 310w, https:\/\/arctfoot.com\/wp-content\/uploads\/2025\/05\/BANNIERE-HELLO-ASSO-9-150x20.png 150w, https:\/\/arctfoot.com\/wp-content\/uploads\/2025\/05\/BANNIERE-HELLO-ASSO-9.png 1920w\" sizes=\"(max-width: 1024px) 100vw, 1024px\" \/><\/a><figcaption class=\"wp-element-caption\"><a href=\"https:\/\/gf-gestetillieres.footeo.com\/actualite\/2025\/06\/01\/licences-feminines-2025-2026.html\" target=\"_blank\" rel=\"noreferrer noopener\">CLIQUEZ POUR JOUEUSE(S) GF LES ETOILES BLEUES<\/a><\/figcaption><\/figure>\n\n\n\n<div class=\"is-layout-flex wp-block-buttons\">\n<div class=\"wp-block-button\"><a class=\"wp-block-button__link has-white-color has-text-color has-background wp-element-button\" style=\"background-color:#193d90\"><strong>ETAPE<\/strong> 2<\/a><\/div>\n<\/div>\n\n\n\n<p><mark style=\"background-color:rgba(0, 0, 0, 0)\" class=\"has-inline-color has-black-color\">Je re\u00e7ois par mail un dossier d\u00e9mat\u00e9rialis\u00e9 par licence (sauf section kids) et j&#8217;y donne suite aussit\u00f4t en y joignant en ligne toutes les pi\u00e8ces n\u00e9cessaires demand\u00e9es suivant votre situation (infos, photos, certificat m\u00e9dical FFF \u00e0 t\u00e9l\u00e9charger via le mail re\u00e7u si besoin&#8230;)<\/mark><\/p>\n\n\n\n<p>Info r\u00e8glementaire: Le certificat m\u00e9dical est obligatoire tous les 3 ans pour les majeurs. Il n&#8217;est pas obligatoire pour les mineurs.<\/p>\n\n\n\n<p>2 Questionnaires de sant\u00e9 sont \u00e0 disposition pour \u00e9valuer votre besoin ou non en terme de certificat m\u00e9dical:<\/p>\n\n\n\n<p><a rel=\"noreferrer noopener\" href=\"https:\/\/guideduclub.lfpl.fr\/public\/uploads\/documents\/questionnaire-sante-majeur-2025-2026-68259511eb1cb856338772.pdf\" target=\"_blank\">Questionnaire de sant\u00e9 pour les majeurs 2025-2026<\/a>&nbsp;<strong>Nouveau<\/strong><\/p>\n\n\n\n<p><a rel=\"noreferrer noopener\" href=\"https:\/\/guideduclub.lfpl.fr\/public\/uploads\/documents\/questionnaire-sante-mineur-2025-2026-68259536323bb192117905.pdf\" target=\"_blank\">Questionnaire de sant\u00e9 pour les mineurs 2025-2026<\/a>&nbsp;<strong>Nouveau<\/strong><\/p>\n\n\n\n<p>Document officiel:<\/p>\n\n\n\n<p><a rel=\"noreferrer noopener\" href=\"https:\/\/guideduclub.lfpl.fr\/public\/uploads\/documents\/certificat-medical-2025-2026-682593dfc9ea5217471825.pdf\" target=\"_blank\">TELECHARGEMENT MODELE CERTIFICAT MEDICAL FFF 2025-2026 A UTILISER AVEC VOTRE MEDECIN EN CAS DE BESOIN. (LES DOCUEMENTS A EN-TETE DU MEDECIN NE SERONT PAS ACCEPTES)&#8230;<\/a><strong>Nouveau<\/strong><\/p>\n\n\n\n<p><\/p>\n\n\n\n<p><\/p>\n\n\n\n<div class=\"is-layout-flex wp-block-buttons\">\n<div class=\"wp-block-button\"><a class=\"wp-block-button__link has-white-color has-text-color has-background wp-element-button\" style=\"background-color:#193d90\"><strong>ETAPE <\/strong>3<\/a><\/div>\n<\/div>\n\n\n\n<p><mark style=\"background-color:rgba(0, 0, 0, 0)\" class=\"has-inline-color has-black-color\">Je re\u00e7ois par mail (sauf section kids) apr\u00e8s validation de la F\u00e9d\u00e9ration une attestation de licence FFF (num\u00e9ro de licence)<\/mark>. 5 jours plus tard, le pratiquant est qualifi\u00e9 pour pratiquer officiellement.<\/p>\n\n\n\n<div class=\"is-layout-flex wp-block-buttons\">\n<div class=\"wp-block-button\"><a class=\"wp-block-button__link has-white-color has-text-color has-background wp-element-button\" style=\"background-color:#193d90\"><strong>ETAPE <\/strong>4<\/a><\/div>\n<\/div>\n\n\n\n<p>Diff\u00e9rentes aides nouvelles et anciennes sont possibles et vous permettront d&#8217;adh\u00e9rer au club selon vos ressources de mani\u00e8re r\u00e9tro-active.<\/p>\n\n\n\n<p><mark style=\"background-color:rgba(0, 0, 0, 0)\" class=\"has-inline-color has-black-color\">Je cumule l&#8217;ensemble des aides et r\u00e9ductions non d\u00e9duites et je viens en b\u00e9n\u00e9ficier lors des permanences propos\u00e9es (dans la limite du prix de l&#8217;adh\u00e9sion) :<\/mark><\/p>\n\n\n\n<p class=\"has-text-align-center\"><strong><em>AU STADE DE TILLIERES 2 dates en septembre<\/em><\/strong>: <\/p>\n\n\n\n<p class=\"has-text-align-center\">Le Vendredi 12\/09 de 18h \u00e0 20h et le Samedi 27\/09 de 10h \u00e0 12h au stade de TILLIERES<\/p>\n\n\n<div>\n<blockquote>\n<p>AIDES ET REDUCTIONS 2025-2026 (Valables jusqu&#8217;aux permanences remboursements) PAR RAPPORT A L&#8217;ETAPE N\u00b04<\/p>\n<\/blockquote>\n<p><span style=\"color: #ff0000;\">LE PARRAINAGE<\/span><\/p>\n<p><span style=\"color: #000000;\">-50% sur votre adh\u00e9sion si vous parrainez un nouveau joueur(se) jouant dans votre cat\u00e9gorie (ne concerne pas les membres de votre famille et ne concerne pas les cat\u00e9gories kids-U6-7-8-9)<\/span><\/p>\n<\/div>\n<div>&nbsp;<\/div>\n<div>\n<div><span style=\"color: #ff0000;\">REDUCTIONS GRANDES SURFACES<\/span><\/div>\n<div>&nbsp;<\/div>\n<div>&nbsp;<\/div>\n<div><span style=\"color: #000000;\">Bons Intermarch\u00e9 St Andr\u00e9\/Beaupreau et Hyper U Vallet Super U G\u00e9tign\u00e9 \/St Macaire (4 bons maxi par adh\u00e9rent imp\u00e9rativement compl\u00e9t\u00e9s du num\u00e9ro de licence)<\/span><\/div>\n<\/div>\n<div>&nbsp;<\/div>\n<div>&nbsp;<\/div>\n<div>\n<div><span style=\"color: #ff0000;\">REDUCTIONS FRATRIES<\/span><\/div>\n<div>&nbsp;<\/div>\n<div>&nbsp;<\/div>\n<div><span style=\"color: #000000;\">Moins 5\u20ac par adh\u00e9sion \u00e0 partir du 2\u00e8me adh\u00e9rent de la famille. 10\u20ac \u00e0 partir du 3\u00e8me ,15\u20ac \u00e0 partir du 4\u00e8me<\/span><\/div>\n<\/div>\n<div>&nbsp;<\/div>\n<div>&nbsp;<\/div>\n<div><span style=\"color: #ff0000;\">AUTRES REDUCTIONS<\/span><\/div>\n<div>&nbsp;<\/div>\n<div>&nbsp;<\/div>\n<div><span style=\"color: #000000;\">Epass Pays de Loire, Pass sport Etat, offres employeurs, mutuelles&#8230;<\/span><\/div>\n<div>&nbsp;<\/div>\n<div>&nbsp;<\/div>\n<div>&nbsp;<\/div>","protected":false},"excerpt":{"rendered":"<p>Joueur(se)s, Parents, voici la marche \u00e0 suivre concernant les Adh\u00e9sions\/Licences 2025-2026. Tarifs en vigueur jusqu&#8217;au DIMANCHE 6 Juillet 2025 (Majorations de 30\u20ac pour chaque renouvellements annuels pass\u00e9s la date) Contact Secr\u00e9tariat licence: arctfoot49@gmail.com \/ Marie au 06 88 64 10 93 Le prix de l&#8217;adh\u00e9sion&nbsp;comprend: -la&nbsp;cotisation \u00e0 la F\u00e9d\u00e9ration Fran\u00e7aise de Football (licence), -la&nbsp;mise \u00e0&hellip; <\/p>\n<p class=\"chuchadon-read-more\"><a href=\"https:\/\/arctfoot.com\/index.php\/2025\/06\/02\/licences-saison-2025-2026\/\" class=\"more-link\">Lire la suite de <span class=\"screen-reader-text\">ADHESIONS\/LICENCES SAISON 2025\/2026<\/span><\/a><\/p>\n","protected":false},"author":1,"featured_media":18236,"comment_status":"closed","ping_status":"open","sticky":false,"template":"","format":"standard","meta":{"_joinchat":[]},"categories":[6,68,57,67,66,62,63,64,65,60,61],"tags":[],"_links":{"self":[{"href":"https:\/\/arctfoot.com\/index.php\/wp-json\/wp\/v2\/posts\/748"}],"collection":[{"href":"https:\/\/arctfoot.com\/index.php\/wp-json\/wp\/v2\/posts"}],"about":[{"href":"https:\/\/arctfoot.com\/index.php\/wp-json\/wp\/v2\/types\/post"}],"author":[{"embeddable":true,"href":"https:\/\/arctfoot.com\/index.php\/wp-json\/wp\/v2\/users\/1"}],"replies":[{"embeddable":true,"href":"https:\/\/arctfoot.com\/index.php\/wp-json\/wp\/v2\/comments?post=748"}],"version-history":[{"count":192,"href":"https:\/\/arctfoot.com\/index.php\/wp-json\/wp\/v2\/posts\/748\/revisions"}],"predecessor-version":[{"id":18289,"href":"https:\/\/arctfoot.com\/index.php\/wp-json\/wp\/v2\/posts\/748\/revisions\/18289"}],"wp:featuredmedia":[{"embeddable":true,"href":"https:\/\/arctfoot.com\/index.php\/wp-json\/wp\/v2\/media\/18236"}],"wp:attachment":[{"href":"https:\/\/arctfoot.com\/index.php\/wp-json\/wp\/v2\/media?parent=748"}],"wp:term":[{"taxonomy":"category","embeddable":true,"href":"https:\/\/arctfoot.com\/index.php\/wp-json\/wp\/v2\/categories?post=748"},{"taxonomy":"post_tag","embeddable":true,"href":"https:\/\/arctfoot.com\/index.php\/wp-json\/wp\/v2\/tags?post=748"}],"curies":[{"name":"wp","href":"https:\/\/api.w.org\/{rel}","templated":true}]}}